{"viewingHint":"paged","attribution":"Universit\u00e4tsbibliothek Paderborn","service":[{"profile":"http://iiif.io/api/search/1/search","@context":"http://iiif.io/api/search/1/context.json","@id":"https://digital.ub.uni-paderborn.de/i3f/manifest/1051541/search","label":"Search within this manifest"}],"structures":[],"sequences":[{"canvases":[{"height":2462,"width":1631,"images":[{"resource":{"service":{"profile":"http://iiif.io/api/image/2/level2.json","@context":"http://iiif.io/api/image/2/context.json","@id":"https://digital.ub.uni-paderborn.de/i3f/v20/1052706"},"format":"image/jpeg","height":1509,"width":1000,"@id":"https://digital.ub.uni-paderborn.de/download/webcache/1000/1052706","@type":"dctypes:Image"},"on":"https://digital.ub.uni-paderborn.de/i3f/v20/1051541/canvas/1052706","motivation":"sc:painting","@id":"https://digital.ub.uni-paderborn.de/i3f/v20/1051541/annotation/1052706","@type":"oa:Annotation"}],"label":"[1]","@id":"https://digital.ub.uni-paderborn.de/i3f/v20/1051541/canvas/1052706","@type":"sc:Canvas"},{"height":2462,"width":1633,"images":[{"resource":{"service":{"profile":"http://iiif.io/api/image/2/level2.json","@context":"http://iiif.io/api/image/2/context.json","@id":"https://digital.ub.uni-paderborn.de/i3f/v20/1052707"},"format":"image/jpeg","height":1507,"width":1000,"@id":"https://digital.ub.uni-paderborn.de/download/webcache/1000/1052707","@type":"dctypes:Image"},"on":"https://digital.ub.uni-paderborn.de/i3f/v20/1051541/canvas/1052707","motivation":"sc:painting","@id":"https://digital.ub.uni-paderborn.de/i3f/v20/1051541/annotation/1052707","@type":"oa:Annotation"}],"label":"2","@id":"https://digital.ub.uni-paderborn.de/i3f/v20/1051541/canvas/1052707","@type":"sc:Canvas"},{"height":2464,"width":1643,"images":[{"resource":{"service":{"profile":"http://iiif.io/api/image/2/level2.json","@context":"http://iiif.io/api/image/2/context.json","@id":"https://digital.ub.uni-paderborn.de/i3f/v20/1052708"},"format":"image/jpeg","height":1499,"width":1000,"@id":"https://digital.ub.uni-paderborn.de/download/webcache/1000/1052708","@type":"dctypes:Image"},"on":"https://digital.ub.uni-paderborn.de/i3f/v20/1051541/canvas/1052708","motivation":"sc:painting","@id":"https://digital.ub.uni-paderborn.de/i3f/v20/1051541/annotation/1052708","@type":"oa:Annotation"}],"label":"3","@id":"https://digital.ub.uni-paderborn.de/i3f/v20/1051541/canvas/1052708","@type":"sc:Canvas"},{"height":2466,"width":1646,"images":[{"resource":{"service":{"profile":"http://iiif.io/api/image/2/level2.json","@context":"http://iiif.io/api/image/2/context.json","@id":"https://digital.ub.uni-paderborn.de/i3f/v20/1052709"},"format":"image/jpeg","height":1498,"width":1000,"@id":"https://digital.ub.uni-paderborn.de/download/webcache/1000/1052709","@type":"dctypes:Image"},"on":"https://digital.ub.uni-paderborn.de/i3f/v20/1051541/canvas/1052709","motivation":"sc:painting","@id":"https://digital.ub.uni-paderborn.de/i3f/v20/1051541/annotation/1052709","@type":"oa:Annotation"}],"label":"[4]","@id":"https://digital.ub.uni-paderborn.de/i3f/v20/1051541/canvas/1052709","@type":"sc:Canvas"}],"viewingHint":"paged","startCanvas":"https://digital.ub.uni-paderborn.de/i3f/v20/1051541/canvas/1052706","viewingDirection":"left-to-right","label":"Current Page Order","@context":"http://iiif.io/api/presentation/2/context.json","@id":"https://digital.ub.uni-paderborn.de/i3f/v20/1051541/sequence/normal","@type":"sc:Sequence"}],"label":"Erste \u00c4nderung der Ordnung f\u00fcr die Besetzung von Professuren und Juniorprofessuren an der Universit\u00e4t Paderborn","thumbnail":{"width":304,"height":458,"@id":"https://digital.ub.uni-paderborn.de/i3f/v21/1052706/full/304/0/default.jpg","@type":"dctypes:Image","format":"image/jpeg"},"logo":{"@id":"https://digital.ub.uni-paderborn.de/domainresource/static/graphics/connectors/viewerLogo.gif","service":{"profile":"http://iiif.io/api/image/2/level2.json","@context":"http://iiif.io/api/image/2/context.json","@id":"http://www.ub.uni-paderborn.de/"}},"@context":"http://iiif.io/api/presentation/2/context.json","metadata":[{"value":"Erste \u00c4nderung der Ordnung f\u00fcr die Besetzung von Professuren und Juniorprofessuren an der Universit\u00e4t Paderborn : vom 13. August 2013","label":"Titel"},{"value":"Universit\u00e4t Paderborn","label":"K\u00f6rperschaft"},{"value":"Paderborn : Pr\u00e4sidium der Univ., 2013","label":"Erschienen"},{"value":"3 S.","label":"Umfang"},{"value":"Amtliche Mitteilungen : Verk\u00fcndungsblatt der Universit\u00e4t Paderborn. [20]13,74. Paderborn : Univ., 1980 - 2013","label":"Serie"},{"value":"Buch","label":"Dokumenttyp"},{"value":"Paderborn : Universit\u00e4tsbibliothek Paderborn, 2014","label":"Online-Ausgabe"},{"value":"urn:nbn:de:hbz:466:1-16401","label":"URN"}],"@id":"https://digital.ub.uni-paderborn.de/i3f/v20/1051541/manifest","@type":"sc:Manifest","seeAlso":{"format":"application/xml","@id":"https://digital.ub.uni-paderborn.de/oai?verb=GetRecord&metadataPrefix=mets&identifier=1051541","label":"METS"}}