{"viewingHint":"paged","attribution":"Universit\u00e4tsbibliothek Paderborn","service":[{"profile":"http://iiif.io/api/search/1/search","@context":"http://iiif.io/api/search/1/context.json","@id":"https://digital.ub.uni-paderborn.de/i3f/manifest/1058970/search","label":"Search within this manifest"}],"structures":[],"sequences":[{"canvases":[{"height":2468,"width":1616,"images":[{"resource":{"service":{"profile":"http://iiif.io/api/image/2/level2.json","@context":"http://iiif.io/api/image/2/context.json","@id":"https://digital.ub.uni-paderborn.de/i3f/v20/1061557"},"format":"image/jpeg","height":1527,"width":1000,"@id":"https://digital.ub.uni-paderborn.de/download/webcache/1000/1061557","@type":"dctypes:Image"},"on":"https://digital.ub.uni-paderborn.de/i3f/v20/1058970/canvas/1061557","motivation":"sc:painting","@id":"https://digital.ub.uni-paderborn.de/i3f/v20/1058970/annotation/1061557","@type":"oa:Annotation"}],"label":"[1]","@id":"https://digital.ub.uni-paderborn.de/i3f/v20/1058970/canvas/1061557","@type":"sc:Canvas"},{"height":2467,"width":1615,"images":[{"resource":{"service":{"profile":"http://iiif.io/api/image/2/level2.json","@context":"http://iiif.io/api/image/2/context.json","@id":"https://digital.ub.uni-paderborn.de/i3f/v20/1061558"},"format":"image/jpeg","height":1527,"width":1000,"@id":"https://digital.ub.uni-paderborn.de/download/webcache/1000/1061558","@type":"dctypes:Image"},"on":"https://digital.ub.uni-paderborn.de/i3f/v20/1058970/canvas/1061558","motivation":"sc:painting","@id":"https://digital.ub.uni-paderborn.de/i3f/v20/1058970/annotation/1061558","@type":"oa:Annotation"}],"label":"2","@id":"https://digital.ub.uni-paderborn.de/i3f/v20/1058970/canvas/1061558","@type":"sc:Canvas"},{"height":2474,"width":1631,"images":[{"resource":{"service":{"profile":"http://iiif.io/api/image/2/level2.json","@context":"http://iiif.io/api/image/2/context.json","@id":"https://digital.ub.uni-paderborn.de/i3f/v20/1061559"},"format":"image/jpeg","height":1516,"width":1000,"@id":"https://digital.ub.uni-paderborn.de/download/webcache/1000/1061559","@type":"dctypes:Image"},"on":"https://digital.ub.uni-paderborn.de/i3f/v20/1058970/canvas/1061559","motivation":"sc:painting","@id":"https://digital.ub.uni-paderborn.de/i3f/v20/1058970/annotation/1061559","@type":"oa:Annotation"}],"label":"3","@id":"https://digital.ub.uni-paderborn.de/i3f/v20/1058970/canvas/1061559","@type":"sc:Canvas"},{"height":2471,"width":1626,"images":[{"resource":{"service":{"profile":"http://iiif.io/api/image/2/level2.json","@context":"http://iiif.io/api/image/2/context.json","@id":"https://digital.ub.uni-paderborn.de/i3f/v20/1061560"},"format":"image/jpeg","height":1519,"width":1000,"@id":"https://digital.ub.uni-paderborn.de/download/webcache/1000/1061560","@type":"dctypes:Image"},"on":"https://digital.ub.uni-paderborn.de/i3f/v20/1058970/canvas/1061560","motivation":"sc:painting","@id":"https://digital.ub.uni-paderborn.de/i3f/v20/1058970/annotation/1061560","@type":"oa:Annotation"}],"label":"[4]","@id":"https://digital.ub.uni-paderborn.de/i3f/v20/1058970/canvas/1061560","@type":"sc:Canvas"}],"viewingHint":"paged","startCanvas":"https://digital.ub.uni-paderborn.de/i3f/v20/1058970/canvas/1061557","viewingDirection":"left-to-right","label":"Current Page Order","@context":"http://iiif.io/api/presentation/2/context.json","@id":"https://digital.ub.uni-paderborn.de/i3f/v20/1058970/sequence/normal","@type":"sc:Sequence"}],"label":"Erste \u00c4nderung der Wahlordnung f\u00fcr die Wahl zum Senat an der Universit\u00e4t Paderborn","thumbnail":{"width":304,"height":464,"@id":"https://digital.ub.uni-paderborn.de/i3f/v21/1061557/full/304/0/default.jpg","@type":"dctypes:Image","format":"image/jpeg"},"logo":{"@id":"https://digital.ub.uni-paderborn.de/domainresource/static/graphics/connectors/viewerLogo.gif","service":{"profile":"http://iiif.io/api/image/2/level2.json","@context":"http://iiif.io/api/image/2/context.json","@id":"http://www.ub.uni-paderborn.de/"}},"@context":"http://iiif.io/api/presentation/2/context.json","metadata":[{"value":"Erste \u00c4nderung der Wahlordnung f\u00fcr die Wahl zum Senat an der Universit\u00e4t Paderborn : vom 30. Juni 2011","label":"Titel"},{"value":"Universit\u00e4t Paderborn","label":"K\u00f6rperschaft"},{"value":"Paderborn : Pr\u00e4sidium der Univ., 2011","label":"Erschienen"},{"value":"3 S.","label":"Umfang"},{"value":"Amtliche Mitteilungen : Verk\u00fcndungsblatt der Universit\u00e4t Paderborn. [20]11,27. Paderborn : Univ., 1980 - 2013","label":"Serie"},{"value":"Buch","label":"Dokumenttyp"},{"value":"Paderborn : Universit\u00e4tsbibliothek Paderborn, 2014","label":"Online-Ausgabe"},{"value":"urn:nbn:de:hbz:466:1-17542","label":"URN"}],"@id":"https://digital.ub.uni-paderborn.de/i3f/v20/1058970/manifest","@type":"sc:Manifest","seeAlso":{"format":"application/xml","@id":"https://digital.ub.uni-paderborn.de/oai?verb=GetRecord&metadataPrefix=mets&identifier=1058970","label":"METS"}}