{"viewingHint":"paged","attribution":"Universit\u00e4tsbibliothek Paderborn","service":[{"profile":"http://iiif.io/api/search/1/search","@context":"http://iiif.io/api/search/1/context.json","@id":"https://digital.ub.uni-paderborn.de/i3f/manifest/1138364/search","label":"Search within this manifest"}],"structures":[],"sequences":[{"canvases":[{"height":2467,"width":1682,"images":[{"resource":{"service":{"profile":"http://iiif.io/api/image/2/level2.json","@context":"http://iiif.io/api/image/2/context.json","@id":"https://digital.ub.uni-paderborn.de/i3f/v20/1139077"},"format":"image/jpeg","height":1466,"width":1000,"@id":"https://digital.ub.uni-paderborn.de/download/webcache/1000/1139077","@type":"dctypes:Image"},"on":"https://digital.ub.uni-paderborn.de/i3f/v20/1138364/canvas/1139077","motivation":"sc:painting","@id":"https://digital.ub.uni-paderborn.de/i3f/v20/1138364/annotation/1139077","@type":"oa:Annotation"}],"label":"[1]","@id":"https://digital.ub.uni-paderborn.de/i3f/v20/1138364/canvas/1139077","@type":"sc:Canvas"},{"height":2479,"width":1695,"images":[{"resource":{"service":{"profile":"http://iiif.io/api/image/2/level2.json","@context":"http://iiif.io/api/image/2/context.json","@id":"https://digital.ub.uni-paderborn.de/i3f/v20/1139078"},"format":"image/jpeg","height":1462,"width":1000,"@id":"https://digital.ub.uni-paderborn.de/download/webcache/1000/1139078","@type":"dctypes:Image"},"on":"https://digital.ub.uni-paderborn.de/i3f/v20/1138364/canvas/1139078","motivation":"sc:painting","@id":"https://digital.ub.uni-paderborn.de/i3f/v20/1138364/annotation/1139078","@type":"oa:Annotation"}],"label":"[2]","@id":"https://digital.ub.uni-paderborn.de/i3f/v20/1138364/canvas/1139078","@type":"sc:Canvas"},{"height":2488,"width":1717,"images":[{"resource":{"service":{"profile":"http://iiif.io/api/image/2/level2.json","@context":"http://iiif.io/api/image/2/context.json","@id":"https://digital.ub.uni-paderborn.de/i3f/v20/1139079"},"format":"image/jpeg","height":1449,"width":1000,"@id":"https://digital.ub.uni-paderborn.de/download/webcache/1000/1139079","@type":"dctypes:Image"},"on":"https://digital.ub.uni-paderborn.de/i3f/v20/1138364/canvas/1139079","motivation":"sc:painting","@id":"https://digital.ub.uni-paderborn.de/i3f/v20/1138364/annotation/1139079","@type":"oa:Annotation"}],"label":"[3]","@id":"https://digital.ub.uni-paderborn.de/i3f/v20/1138364/canvas/1139079","@type":"sc:Canvas"},{"height":2471,"width":1694,"images":[{"resource":{"service":{"profile":"http://iiif.io/api/image/2/level2.json","@context":"http://iiif.io/api/image/2/context.json","@id":"https://digital.ub.uni-paderborn.de/i3f/v20/1139080"},"format":"image/jpeg","height":1458,"width":1000,"@id":"https://digital.ub.uni-paderborn.de/download/webcache/1000/1139080","@type":"dctypes:Image"},"on":"https://digital.ub.uni-paderborn.de/i3f/v20/1138364/canvas/1139080","motivation":"sc:painting","@id":"https://digital.ub.uni-paderborn.de/i3f/v20/1138364/annotation/1139080","@type":"oa:Annotation"}],"label":"[4]","@id":"https://digital.ub.uni-paderborn.de/i3f/v20/1138364/canvas/1139080","@type":"sc:Canvas"}],"viewingHint":"paged","startCanvas":"https://digital.ub.uni-paderborn.de/i3f/v20/1138364/canvas/1139077","viewingDirection":"left-to-right","label":"Current Page Order","@context":"http://iiif.io/api/presentation/2/context.json","@id":"https://digital.ub.uni-paderborn.de/i3f/v20/1138364/sequence/normal","@type":"sc:Sequence"}],"label":"Ergebnis der Wahlen der Dekaninnen und Dekane, Prodekaninnen und Prodekane und der Abteilungssprecher f\u00fcr die Studienjahre 1995/96 bis 1998/1999","thumbnail":{"width":304,"height":445,"@id":"https://digital.ub.uni-paderborn.de/i3f/v21/1139077/full/304/0/default.jpg","@type":"dctypes:Image","format":"image/jpeg"},"logo":{"@id":"https://digital.ub.uni-paderborn.de/domainresource/static/graphics/connectors/viewerLogo.gif","service":{"profile":"http://iiif.io/api/image/2/level2.json","@context":"http://iiif.io/api/image/2/context.json","@id":"http://www.ub.uni-paderborn.de/"}},"@context":"http://iiif.io/api/presentation/2/context.json","metadata":[{"value":"Ergebnis der Wahlen der Dekaninnen und Dekane, Prodekaninnen und Prodekane und der Abteilungssprecher f\u00fcr die Studienjahre 1995/96 bis 1998/1999","label":"Titel"},{"value":"Universit\u00e4t Paderborn","label":"K\u00f6rperschaft"},{"value":"Paderborn : Rektorat der Univ.- Gesamthochsch., 1995","label":"Erschienen"},{"value":"[3] S.","label":"Umfang"},{"value":"Amtliche Mitteilungen : Verk\u00fcndungsblatt der Universit\u00e4t Paderborn. 1995,8. Paderborn : Univ., 1980 - 2013","label":"Serie"},{"value":"Buch","label":"Dokumenttyp"},{"value":"Paderborn : Universit\u00e4tsbibliothek Paderborn, 2014","label":"Online-Ausgabe"},{"value":"urn:nbn:de:hbz:466:1-25854","label":"URN"}],"@id":"https://digital.ub.uni-paderborn.de/i3f/v20/1138364/manifest","@type":"sc:Manifest","seeAlso":{"format":"application/xml","@id":"https://digital.ub.uni-paderborn.de/oai?verb=GetRecord&metadataPrefix=mets&identifier=1138364","label":"METS"}}