{"viewingHint":"paged","attribution":"Universit\u00e4tsbibliothek","service":[],"structures":[],"label":"Zahlenspiegel Studierende und Abschl\u00fcsse","logo":{"@id":"https://digital.ub.uni-paderborn.de/domainresource/static/graphics/connectors/viewerLogo.gif","service":{"profile":"http://iiif.io/api/image/2/level2.json","@context":"http://iiif.io/api/image/2/context.json","@id":"http://www.ub.uni-paderborn.de/"}},"@context":"http://iiif.io/api/presentation/2/context.json","metadata":[{"value":"Zahlenspiegel Studierende und Abschl\u00fcsse / Universit\u00e4t Paderborn","label":"Titel"},{"value":"Universit\u00e4t Paderborn","label":"K\u00f6rperschaft"},{"value":"Paderborn : Universit\u00e4t Paderborn, Die Vizepr\u00e4sidentin f\u00fcr Wirtschafts- und Personalverwaltung, 2020 -, 2020-","label":"Erschienen"},{"value":"j\u00e4hrlich","label":"Erscheinungsfrequenz"},{"value":"Online-Ressource","label":"Umfang"},{"value":"Gesehen am 30.12.2022Fortsetzung der Druck-Ausgabe","label":"Anmerkung"},{"value":"Deutsch","label":"Sprache"},{"value":"Elektronische Zeitschrift","label":"Dokumenttyp"},{"value":"urn:nbn:de:hbz:466:2-37965","label":"URN"},{"value":"3041455-6","label":"ZDB-Nachweis"}],"@id":"https://digital.ub.uni-paderborn.de/i3f/v20/3493972/manifest","@type":"sc:Manifest","seeAlso":{"format":"application/xml","@id":"https://digital.ub.uni-paderborn.de/oai?verb=GetRecord&metadataPrefix=mets&identifier=3493972","label":"METS"}}